{"id":49940,"date":"2021-03-26T10:55:34","date_gmt":"2021-03-26T09:55:34","guid":{"rendered":"https:\/\/blogs.bmj.com\/bmj\/?p=49940"},"modified":"2021-03-31T19:01:55","modified_gmt":"2021-03-31T18:01:55","slug":"brazil-a-country-collapsing-during-the-covid-19-pandemic","status":"publish","type":"post","link":"https:\/\/blogs.bmj.com\/bmj\/2021\/03\/26\/brazil-a-country-collapsing-during-the-covid-19-pandemic\/","title":{"rendered":"Brazil, a country collapsing during the covid-19 pandemic"},"content":{"rendered":"<p><span style=\"font-weight: 400\">Brazil was the first Latin American country with covid-19 cases on 26 February 2020. At that time, reports from China, Italy, and other Asian and European countries were already abundant and worrisome, and the Brazilian population expected a robust action plan. Instead, the ensuing global health crisis was minimised at the highest political level and covid-19 was referred to as a \u201clittle flu.\u201d Wearing face masks was not recommended, quarantine and lockdown measures were ignored, and the population were encouraged to use unproved medicines to prevent and treat covid-19, which the public health system (SUS) was instructed to purchase. [<\/span><span style=\"font-weight: 400\">1,2,3] <\/span><span style=\"font-weight: 400\">The repercussions were global and, in the first half of 2020, Brazil quickly became the country with the second highest number of covid-19 cases in the world.<\/span><\/p>\n<p><span style=\"font-weight: 400\">People with chronic non-communicable diseases were extremely concerned about the potential consequences of the pandemic on their care. As a first measure to protect this high risk group, the minister of health announced that they would receive medical supplies for a three month period. [4] This was intended to help these individuals avoid their monthly return visits to public health centres and pharmacies, and instead adhere to stay-at-home recommendations. Regrettably, it was shown to have benefited only 21% of individuals with diabetes. [4] A few weeks after this announcement, the minister was replaced by another, who also resigned less than a month after assuming office. An army officer took over as interim minister until he was confirmed as minister of health. [<\/span><span style=\"font-weight: 400\">2]<\/span><span style=\"font-weight: 400\"> Thereafter, a good number of politicians tested positive for the coronavirus, including the president and most ministers including the minister of health. Despite the Brazilian Supreme Court act to guarantee autonomy of states and municipalities, misaligned adoption of emergency measures yielded limited outcomes<\/span><span style=\"font-weight: 400\">. [1]\u00a0<\/span><\/p>\n<p><span style=\"font-weight: 400\">Health services were reorganised as a result of the pandemic with healthcare professionals and workers redirected to provide urgent covid-19 response. Access to care and medicines for many people with non-communicable diseases was affected. [<\/span><span style=\"font-weight: 400\">4,5,6,7]<\/span><span style=\"font-weight: 400\"> As a consequence, some observed their biomarkers getting off target, their quality of life deteriorating, and new diseases or complications of previous diseases developing. [<\/span><span style=\"font-weight: 400\">5,6,7,8]<\/span><span style=\"font-weight: 400\"> Some not-for-profit organisations proactively mobilised help to provide to those who needed it most,<\/span><span style=\"font-weight: 400\"> but many preferred to stay silent or did not have resources to adapt their routine. [6] Subsequent studies described how people with non-communicable diseases were subjected to the consequences of limited measures more severely than other individuals. Malta et al. <\/span><span style=\"font-weight: 400\">showed that physical activity and consumption of vegetables were severely reduced in these individuals, while screen time increased substantially amongst them (60%, 10.8%, 196.5% without non-communicable diseases and 58%, 12.7%, 302% with such health conditions, respectively). [9] Mental health was dramatically affected, 40.4% of Brazilian adults frequently felt sad or depressed and 52.6% anxious or nervous. [<\/span><span style=\"font-weight: 400\">10]<\/span><span style=\"font-weight: 400\"> In a later publication, Goularte et al.<\/span><span style=\"font-weight: 400\"> reported psychiatric symptoms in most of the population: anxiety (81.9%), depression (68%), anger (64.5%), somatic symptoms (62.6%), and sleep problems (55.3%). [8] In common, both groups found that younger individuals, women and people with a history of psychiatric illness were prone to developing more severe symptoms. For cancer, dramatic reductions in appointments, screening, diagnosis and surgeries were reported. <\/span><span style=\"font-weight: 400\">[11]<\/span><span style=\"font-weight: 400\"> The proportion of people in high-risk groups for covid-19 severity and mortality in Brazil was rapidly increasing, setting the scene for a national health and economic crisis. [6]<\/span><\/p>\n<p><span style=\"font-weight: 400\">Immunisation provided a clear exit option. However, delays in approving, purchasing, and investing in the development of vaccines were experienced. On 17 January 2021, vaccination slowly started in the country as more infectious new variants of SARS-CoV-2 were emerging in the United Kingdom, South Africa, and Brazil. Two of the new lineages were detected and spread throughout Brazil: B.1.17, with local date of transmission as 18 January 2021, and P.1., with three variants of biological significance with a local date of transmission of 15 December 2020. Consequently, the speed at which the virus spread was higher than that at which vaccination was rolled out. The collapse which erupted in Manaus in January spread across the country, with reports of beds in public and private hospitals fully occupied and people dying while awaiting vacancy in ICUs. [<\/span><span style=\"font-weight: 400\">1,3]<\/span><span style=\"font-weight: 400\"> During the second week of March 2021, Brazil became the country with the highest number of daily deaths from covid-19, more than 2000. [1,3] <\/span><span style=\"font-weight: 400\">On 15 March the president announced a change to the government and\u00a0 appointed the fourth minister of health since the start of the pandemic, who saw on 23 March the daily covid-19 deaths exceeding 3000.\u00a0\u00a0\u00a0<\/span><\/p>\n<p><span style=\"font-weight: 400\">Prioritisation of vaccines for high-risk groups became decentralized, with each municipality making its own protocols. Most included in their plans healthcare professionals and elderly people, leaving out people with non-communicable diseases. [<\/span><span style=\"font-weight: 400\">11]<\/span><span style=\"font-weight: 400\"> The lack of vaccination and high exposure resulting from little preventive behaviours and measures led to higher infection rates of\u00a0 younger age groups in the second wave, <\/span><span style=\"font-weight: 400\">especially underprivileged people and those with comorbidities. [<\/span><span style=\"font-weight: 400\">3,12,13,14]<\/span><span style=\"font-weight: 400\">\u00a0The fact that young people were infected, in conjunction with treatment improvements, led to an increase in the average length of hospital stays, from 10 to 14 days, according to the Brazilian Association of Intensive Care Medicine.\u00a0<\/span><\/p>\n<p><span style=\"font-weight: 400\">The collapse was forecasted. [<\/span><span style=\"font-weight: 400\">15]<\/span><span style=\"font-weight: 400\"> Lack of thorough measures, controversy, and denialism prompted national and international alerts. It was hoped that this would encourage a change in course, with prompt implementation of measures to protect and save Brazilian lives. According to Hallal<\/span><span style=\"font-weight: 400\">, almost three quarters of deaths could have been avoided. [2] However, during the peak of the second wave, not all high political authorities supported measures proposed by the scientific community and adopted in different regions of the country (including partial lockdown) to halt escalating deaths and collapse of the health system. [<\/span><span style=\"font-weight: 400\">1,3]<\/span><\/p>\n<p><span style=\"font-weight: 400\">Alarming is the fact that new cases and deaths continue to rise. For this reason, several medical, scientific, academic, public, private and civil-society organisations and alliances have published manifestos in March, demanding urgent actions from the government and offering themselves to partner in multisectoral and multi-stakeholder efforts to <\/span><span style=\"font-weight: 400\">rescue Brazil from the collapse. [11] Meanwhile, the<\/span><span style=\"font-weight: 400\"> population pray that models predicting a long lasting worsening of the current scenario are proved wrong, and that the new minister of health makes better decisions aligned with scientific recommendations, so that at least by the end of 2021 the pandemic is under control in Brazil.\u00a0\u00a0\u00a0\u00a0\u00a0\u00a0\u00a0\u00a0<\/span><\/p>\n<p><em><span style=\"font-weight: 400\"><strong>Mark Thomaz Ugliara Barone<\/strong> is a Member of the BMJ Patient Advisory Panel, and Founder and General Manager at the Intersectoral Forum to Fight NCDs in Brazil (ForumDCNTs).<\/span><\/em><\/p>\n<p><em><span style=\"font-weight: 400\"><strong>Nayanjeet Chaudhury<\/strong> is Founder and Director at the Ramaiah International Centre for Public Health Innovations (RICPHI).<\/span><\/em><\/p>\n<p><em><span style=\"font-weight: 400\"><strong>Lucas Xavier de Oliveira<\/strong> is a Young Leader in Diabetes at the International Diabetes Federation (IDF).<\/span><\/em><\/p>\n<p><em><span style=\"font-weight: 400\"><strong>Matheus Chaluppe<\/strong> is Student at the Escola de Sa\u00fade da Universidade Municipal de S\u00e3o Caetano do Sul (USCS).<\/span><\/em><\/p>\n<p><em><span style=\"font-weight: 400\"><strong>Bruno Helman<\/strong> is Founder and President at the Instituto Correndo pelo Diabetes.<\/span><\/em><\/p>\n<p><em><span style=\"font-weight: 400\"><strong>Bruna Talita Patricio<\/strong> is an Independent Psychologist.<\/span><\/em><\/p>\n<p><em><span style=\"font-weight: 400\"><strong>Ronaldo Jos\u00e9 Pineda Wieselberg<\/strong> is a resident physician in Endocrinology at the Santa Casa de S\u00e3o Paulo, and Global Master of Public Health student at Imperial College London.<\/span><\/em><\/p>\n<p><em><span style=\"font-weight: 400\"><strong>Belinda Ngongo<\/strong> is the Founder of Pan African Women in Health (PAWH).<\/span><\/em><\/p>\n<p><em><span style=\"font-weight: 400\"><strong>Viviana Giampaoli<\/strong> is Statistician and Professor at the Instituto de Matem\u00e1tica e Estat\u00edstica, Departamento de Estat\u00edstica of the Universidade de S\u00e3o Paulo (IME-USP).<\/span><\/em><\/p>\n<p><strong>References<\/strong><\/p>\n<ol>\n<li><span style=\"font-weight: 400\"> Biller D, \u00c1lvares D. Brazil&#8217;s Hospitals Are Buckling in the Absence of a National Virus Plan. Time [Internet]. 2021 Mar 11. <\/span><a href=\"https:\/\/time.com\/5945644\/brazil-hospitals-coronavirus\/\"><span style=\"font-weight: 400\">https:\/\/time.com\/5945644\/brazil-hospitals-coronavirus\/<\/span><\/a><\/li>\n<li><span style=\"font-weight: 400\"> Hallal PC. SOS Brazil: science under attack. <\/span><i><span style=\"font-weight: 400\">Lancet<\/span><\/i><span style=\"font-weight: 400\">. 2021 Jan 30;397(10272):373-374. doi:10.1016\/S0140-6736(21)00141-0. <\/span><span style=\"font-weight: 400\">pmid: <\/span><span style=\"font-weight: 400\">33493436<\/span><\/li>\n<li><span style=\"font-weight: 400\"> Phillips T. &#8216;Covid is taking over&#8217;: Brazil plunges into deadliest chapter of its epidemic. The Guardian [Internet]. 2021, Mar 13. Available from: <\/span><a href=\"https:\/\/www.theguardian.com\/world\/2021\/mar\/13\/brazil-covid-coronavirus-deaths-cases-bolsonaro-lula\"><span style=\"font-weight: 400\">https:\/\/www.theguardian.com\/world\/2021\/mar\/13\/brazil-covid-coronavirus-deaths-cases-bolsonaro-lula<\/span><\/a><\/li>\n<li><span style=\"font-weight: 400\"> Barone MTU, Harnik SB, de Luca PV, et al. The impact of COVID-19 on people with diabetes in Brazil. <\/span><i><span style=\"font-weight: 400\">Diabetes Res Clin Pract<\/span><\/i><span style=\"font-weight: 400\">. 2020 Aug;166:108304. doi:10.1016\/j.diabres.2020.108304. pmid:<\/span><span style=\"font-weight: 400\">32623040<\/span><\/li>\n<li><span style=\"font-weight: 400\"> Brant LCC, Nascimento BR, Teixeira RA, et al. Excess of cardiovascular deaths during the COVID-19 pandemic in Brazilian capital cities. <\/span><i><span style=\"font-weight: 400\">Heart<\/span><\/i><span style=\"font-weight: 400\">. 2020 Dec;106(24):1898-1905. 2020;106(24):1898-1905. doi:10.1136\/heartjnl-2020-317663 . Epub 2020 Oct 15. pmid: 33060261<\/span><\/li>\n<li><span style=\"font-weight: 400\"> Barone MTU, Ngongo B, Harnik SB, et al . COVID-19 associated with diabetes and other noncommunicable diseases led to a global health crisis. <\/span><i><span style=\"font-weight: 400\">Diabetes research and clinical practice<\/span><\/i><span style=\"font-weight: 400\">. 2021 Jan;171:108587. doi:10.1016\/j.diabres.2020.108587. pmid: 33307134<\/span><\/li>\n<li><span style=\"font-weight: 400\"> Leite JS, Feter N, Caputo EL, et al. Managing noncommunicable diseases during the COVID-19 pandemic in Brazil: findings from the PAMPA cohort. <\/span><i><span style=\"font-weight: 400\">Ci\u00eancia &amp; Sa\u00fade Coletiva<\/span><\/i><span style=\"font-weight: 400\">, 2021 Mar 15;26(3), 987-1000.doi:10.1590\/1413-81232021263.39232020<\/span><\/li>\n<li><span style=\"font-weight: 400\"> Goularte JF, Serafim SD, Colombo R, et al. COVID-19 and mental health in Brazil: Psychiatric symptoms in the general population. <\/span><i><span style=\"font-weight: 400\">J Psychiatr Res<\/span><\/i><span style=\"font-weight: 400\">. 2021 Jan;132:32-37. doi:10.1016\/j.jpsychires.2020.09.021. pmid:33038563<\/span><\/li>\n<li><span style=\"font-weight: 400\"> Malta DC, Gomes CS, Barros MBDA, et al. Chronic non-communicable diseases and changes in lifestyles during the COVID-19 pandemic in Brazil. <\/span><i><span style=\"font-weight: 400\">Scielo Preprints<\/span><\/i><span style=\"font-weight: 400\">, 2020 Dec. doi:10.1590\/1980-549720210009<\/span><\/li>\n<li><span style=\"font-weight: 400\"> Barros MBA, Lima MG, Malta DC, et al. Report on sadness\/depression, nervousness\/anxiety and sleep problems in the Brazilian adult population during the COVID-19 pandemic. <\/span><i><span style=\"font-weight: 400\">Epidemiol Serv Sa\u00fade.<\/span><\/i><span style=\"font-weight: 400\"> 2020;29(4):e2020427. doi:10.1590\/s1679-49742020000400018. pmid: 32844918<\/span><\/li>\n<li><span style=\"font-weight: 400\"> F\u00f3rum Intersetorial para Combate \u00e0s DCNTs no Brasil [Internet]. TJCC, F\u00f3rumDCNTs e 217 entidades enviam carta solicitando a\u00e7\u00f5es emergenciais ao governo. 2021 Mar 24. <\/span><a href=\"https:\/\/www.forumdcnts.org\/post\/217-entidades-manifesto-pandemia\"><span style=\"font-weight: 400\">https:\/\/www.forumdcnts.org\/post\/217-entidades-manifesto-pandemia<\/span><\/a><\/li>\n<li><span style=\"font-weight: 400\"> Faria de Moura Villela E, L\u00f3pez RVM, Sato APS, et al. COVID-19 outbreak in Brazil: adherence to national preventive measures and impact on people&#8217;s lives, an online survey. <\/span><i><span style=\"font-weight: 400\">BMC Public Health<\/span><\/i><span style=\"font-weight: 400\">.2021 Jan 18;21(1):152. doi:10.1186\/s12889-021-10222-z . pmid: 33461508<\/span><\/li>\n<li><span style=\"font-weight: 400\"> Brazilian Ministry of Health. 52 Special epidemiological bulletin: COVID-19 coronavirus disease &#8211; Epidemiological week 8; 2021. <\/span><a href=\"https:\/\/www.gov.br\/saude\/pt-br\/media\/pdf\/2021\/marco\/05\/boletim_epidemiologico_covid_52_final2.pdf\"><span style=\"font-weight: 400\">https:\/\/www.gov.br\/saude\/pt-br\/media\/pdf\/2021\/marco\/05\/boletim_epidemiologico_covid_52_final2.pdf<\/span><\/a><\/li>\n<li><span style=\"font-weight: 400\"> Ribeiro KB, Ribeiro AF, de Sousa Mascena Veras MA, et al. Social inequalities and COVID-19 mortality in the city of S\u00e3o Paulo, Brazil [published online ahead of print, 2021 Feb 28]. <\/span><i><span style=\"font-weight: 400\">Int J Epidemiol<\/span><\/i><span style=\"font-weight: 400\">. 2021 Feb 28:dyab022. doi:10.1093\/ije\/dyab022. pmid: 33657223\u00a0<\/span><\/li>\n<li><span style=\"font-weight: 400\"> Neiva MB, Carvalho I, Costa Filho EDS, et al. Brazil: the emerging epicenter of COVID-19 pandemic. <\/span><i><span style=\"font-weight: 400\">Rev Soc Bras Med Trop<\/span><\/i><span style=\"font-weight: 400\">. 2020 Oct 21;53:e20200550. doi:10.1590\/0037-8682-0550-2020. pmid: 33111917<\/span><\/li>\n<\/ol>\n<p>&nbsp;<\/p>\n","protected":false},"excerpt":{"rendered":"<p>Brazil was the first Latin American country with covid-19 cases on 26 February 2020. At that time, reports from China, Italy, and other Asian and European countries were already abundant [&#8230;]<\/p>\n<p><a class=\"btn btn-secondary understrap-read-more-link\" href=\"https:\/\/blogs.bmj.com\/bmj\/2021\/03\/26\/brazil-a-country-collapsing-during-the-covid-19-pandemic\/\">More&#8230;<\/a><\/p>\n","protected":false},"author":66,"featured_media":49941,"comment_status":"open","ping_status":"closed","sticky":false,"template":"","format":"standard","meta":{"footnotes":""},"categories":[263,5749],"tags":[],"class_list":["post-49940","post","type-post","status-publish","format-standard","has-post-thumbnail","hentry","category-global-health","category-patient-perspectives"],"yoast_head":"<!-- This site is optimized with the Yoast SEO plugin v27.5 - https:\/\/yoast.com\/product\/yoast-seo-wordpress\/ -->\n<title>Brazil, a country collapsing during the covid-19 pandemic - The BMJ<\/title>\n<meta name=\"robots\" content=\"index, follow, max-snippet:-1, max-image-preview:large, max-video-preview:-1\" \/>\n<link rel=\"canonical\" href=\"https:\/\/blogs.bmj.com\/bmj\/2021\/03\/26\/brazil-a-country-collapsing-during-the-covid-19-pandemic\/\" \/>\n<meta property=\"og:locale\" content=\"en_US\" \/>\n<meta property=\"og:type\" content=\"article\" \/>\n<meta property=\"og:title\" content=\"Brazil, a country collapsing during the covid-19 pandemic - The BMJ\" \/>\n<meta property=\"og:description\" content=\"Brazil was the first Latin American country with covid-19 cases on 26 February 2020. At that time, reports from China, Italy, and other Asian and European countries were already abundant [...]More...\" \/>\n<meta property=\"og:url\" content=\"https:\/\/blogs.bmj.com\/bmj\/2021\/03\/26\/brazil-a-country-collapsing-during-the-covid-19-pandemic\/\" \/>\n<meta property=\"og:site_name\" content=\"The BMJ\" \/>\n<meta property=\"article:publisher\" content=\"https:\/\/www.facebook.com\/bmjdotcom\/\" \/>\n<meta property=\"article:published_time\" content=\"2021-03-26T09:55:34+00:00\" \/>\n<meta property=\"article:modified_time\" content=\"2021-03-31T18:01:55+00:00\" \/>\n<meta property=\"og:image\" content=\"https:\/\/blogs.bmj.com\/bmj\/files\/2021\/03\/coronavirus_brazil_hospital_2.jpg\" \/>\n\t<meta property=\"og:image:width\" content=\"540\" \/>\n\t<meta property=\"og:image:height\" content=\"350\" \/>\n\t<meta property=\"og:image:type\" content=\"image\/jpeg\" \/>\n<meta name=\"author\" content=\"julietwalker\" \/>\n<meta name=\"twitter:card\" content=\"summary_large_image\" \/>\n<meta name=\"twitter:creator\" content=\"@bmj_latest\" \/>\n<meta name=\"twitter:site\" content=\"@bmj_latest\" \/>\n<meta name=\"twitter:label1\" content=\"Written by\" \/>\n\t<meta name=\"twitter:data1\" content=\"julietwalker\" \/>\n\t<meta name=\"twitter:label2\" content=\"Est. reading time\" \/>\n\t<meta name=\"twitter:data2\" content=\"8 minutes\" \/>\n<script type=\"application\/ld+json\" class=\"yoast-schema-graph\">{\"@context\":\"https:\\\/\\\/schema.org\",\"@graph\":[{\"@type\":\"Article\",\"@id\":\"https:\\\/\\\/blogs.bmj.com\\\/bmj\\\/2021\\\/03\\\/26\\\/brazil-a-country-collapsing-during-the-covid-19-pandemic\\\/#article\",\"isPartOf\":{\"@id\":\"https:\\\/\\\/blogs.bmj.com\\\/bmj\\\/2021\\\/03\\\/26\\\/brazil-a-country-collapsing-during-the-covid-19-pandemic\\\/\"},\"author\":{\"name\":\"julietwalker\",\"@id\":\"https:\\\/\\\/blogs.bmj.com\\\/bmj\\\/#\\\/schema\\\/person\\\/373707d32533c2cbca204980b8cd3493\"},\"headline\":\"Brazil, a country collapsing during the covid-19 pandemic\",\"datePublished\":\"2021-03-26T09:55:34+00:00\",\"dateModified\":\"2021-03-31T18:01:55+00:00\",\"mainEntityOfPage\":{\"@id\":\"https:\\\/\\\/blogs.bmj.com\\\/bmj\\\/2021\\\/03\\\/26\\\/brazil-a-country-collapsing-during-the-covid-19-pandemic\\\/\"},\"wordCount\":1620,\"commentCount\":0,\"publisher\":{\"@id\":\"https:\\\/\\\/blogs.bmj.com\\\/bmj\\\/#organization\"},\"image\":{\"@id\":\"https:\\\/\\\/blogs.bmj.com\\\/bmj\\\/2021\\\/03\\\/26\\\/brazil-a-country-collapsing-during-the-covid-19-pandemic\\\/#primaryimage\"},\"thumbnailUrl\":\"https:\\\/\\\/blogs.bmj.com\\\/bmj\\\/files\\\/2021\\\/03\\\/coronavirus_brazil_hospital_2.jpg\",\"articleSection\":[\"Global health\",\"Patient and public perspectives\"],\"inLanguage\":\"en-US\",\"potentialAction\":[{\"@type\":\"CommentAction\",\"name\":\"Comment\",\"target\":[\"https:\\\/\\\/blogs.bmj.com\\\/bmj\\\/2021\\\/03\\\/26\\\/brazil-a-country-collapsing-during-the-covid-19-pandemic\\\/#respond\"]}]},{\"@type\":\"WebPage\",\"@id\":\"https:\\\/\\\/blogs.bmj.com\\\/bmj\\\/2021\\\/03\\\/26\\\/brazil-a-country-collapsing-during-the-covid-19-pandemic\\\/\",\"url\":\"https:\\\/\\\/blogs.bmj.com\\\/bmj\\\/2021\\\/03\\\/26\\\/brazil-a-country-collapsing-during-the-covid-19-pandemic\\\/\",\"name\":\"Brazil, a country collapsing during the covid-19 pandemic - The BMJ\",\"isPartOf\":{\"@id\":\"https:\\\/\\\/blogs.bmj.com\\\/bmj\\\/#website\"},\"primaryImageOfPage\":{\"@id\":\"https:\\\/\\\/blogs.bmj.com\\\/bmj\\\/2021\\\/03\\\/26\\\/brazil-a-country-collapsing-during-the-covid-19-pandemic\\\/#primaryimage\"},\"image\":{\"@id\":\"https:\\\/\\\/blogs.bmj.com\\\/bmj\\\/2021\\\/03\\\/26\\\/brazil-a-country-collapsing-during-the-covid-19-pandemic\\\/#primaryimage\"},\"thumbnailUrl\":\"https:\\\/\\\/blogs.bmj.com\\\/bmj\\\/files\\\/2021\\\/03\\\/coronavirus_brazil_hospital_2.jpg\",\"datePublished\":\"2021-03-26T09:55:34+00:00\",\"dateModified\":\"2021-03-31T18:01:55+00:00\",\"breadcrumb\":{\"@id\":\"https:\\\/\\\/blogs.bmj.com\\\/bmj\\\/2021\\\/03\\\/26\\\/brazil-a-country-collapsing-during-the-covid-19-pandemic\\\/#breadcrumb\"},\"inLanguage\":\"en-US\",\"potentialAction\":[{\"@type\":\"ReadAction\",\"target\":[\"https:\\\/\\\/blogs.bmj.com\\\/bmj\\\/2021\\\/03\\\/26\\\/brazil-a-country-collapsing-during-the-covid-19-pandemic\\\/\"]}]},{\"@type\":\"ImageObject\",\"inLanguage\":\"en-US\",\"@id\":\"https:\\\/\\\/blogs.bmj.com\\\/bmj\\\/2021\\\/03\\\/26\\\/brazil-a-country-collapsing-during-the-covid-19-pandemic\\\/#primaryimage\",\"url\":\"https:\\\/\\\/blogs.bmj.com\\\/bmj\\\/files\\\/2021\\\/03\\\/coronavirus_brazil_hospital_2.jpg\",\"contentUrl\":\"https:\\\/\\\/blogs.bmj.com\\\/bmj\\\/files\\\/2021\\\/03\\\/coronavirus_brazil_hospital_2.jpg\",\"width\":540,\"height\":350,\"caption\":\"2F4N7T6 Porto Alegre, Brazil. 22nd Mar, 2021. Medical staff works in the Intensive Care Unit (ICU) of the hospital of Clinicas, in Porto Alegre, Brazil, 21 March 2021 (Issued 22 March 2021). The Brazilian government asked on Monday to help the medical industry to find solutions to the shortage of supplies for the intubation of patients with covid-19, a disease that already leaves nearly 300,000 dead in the country. Credit: Marcelo Oliveira\\\/EFE\\\/Alamy Live News\"},{\"@type\":\"BreadcrumbList\",\"@id\":\"https:\\\/\\\/blogs.bmj.com\\\/bmj\\\/2021\\\/03\\\/26\\\/brazil-a-country-collapsing-during-the-covid-19-pandemic\\\/#breadcrumb\",\"itemListElement\":[{\"@type\":\"ListItem\",\"position\":1,\"name\":\"Home\",\"item\":\"https:\\\/\\\/blogs.bmj.com\\\/bmj\\\/\"},{\"@type\":\"ListItem\",\"position\":2,\"name\":\"Brazil, a country collapsing during the covid-19 pandemic\"}]},{\"@type\":\"WebSite\",\"@id\":\"https:\\\/\\\/blogs.bmj.com\\\/bmj\\\/#website\",\"url\":\"https:\\\/\\\/blogs.bmj.com\\\/bmj\\\/\",\"name\":\"The BMJ\",\"description\":\"Helping doctors make better decisions.\",\"publisher\":{\"@id\":\"https:\\\/\\\/blogs.bmj.com\\\/bmj\\\/#organization\"},\"potentialAction\":[{\"@type\":\"SearchAction\",\"target\":{\"@type\":\"EntryPoint\",\"urlTemplate\":\"https:\\\/\\\/blogs.bmj.com\\\/bmj\\\/?s={search_term_string}\"},\"query-input\":{\"@type\":\"PropertyValueSpecification\",\"valueRequired\":true,\"valueName\":\"search_term_string\"}}],\"inLanguage\":\"en-US\"},{\"@type\":\"Organization\",\"@id\":\"https:\\\/\\\/blogs.bmj.com\\\/bmj\\\/#organization\",\"name\":\"The BMJ\",\"url\":\"https:\\\/\\\/blogs.bmj.com\\\/bmj\\\/\",\"logo\":{\"@type\":\"ImageObject\",\"inLanguage\":\"en-US\",\"@id\":\"https:\\\/\\\/blogs.bmj.com\\\/bmj\\\/#\\\/schema\\\/logo\\\/image\\\/\",\"url\":\"https:\\\/\\\/blogs.bmj.com\\\/bmj\\\/files\\\/2018\\\/05\\\/The-BMJ-logo.jpg\",\"contentUrl\":\"https:\\\/\\\/blogs.bmj.com\\\/bmj\\\/files\\\/2018\\\/05\\\/The-BMJ-logo.jpg\",\"width\":852,\"height\":568,\"caption\":\"The BMJ\"},\"image\":{\"@id\":\"https:\\\/\\\/blogs.bmj.com\\\/bmj\\\/#\\\/schema\\\/logo\\\/image\\\/\"},\"sameAs\":[\"https:\\\/\\\/www.facebook.com\\\/bmjdotcom\\\/\",\"https:\\\/\\\/x.com\\\/bmj_latest\"]},{\"@type\":\"Person\",\"@id\":\"https:\\\/\\\/blogs.bmj.com\\\/bmj\\\/#\\\/schema\\\/person\\\/373707d32533c2cbca204980b8cd3493\",\"name\":\"julietwalker\",\"image\":{\"@type\":\"ImageObject\",\"inLanguage\":\"en-US\",\"@id\":\"https:\\\/\\\/secure.gravatar.com\\\/avatar\\\/34f10b717c81464cc7a2879c84cd30078f63b5a901e12905a02abd9d1ea9ec90?s=96&d=mm&r=g\",\"url\":\"https:\\\/\\\/secure.gravatar.com\\\/avatar\\\/34f10b717c81464cc7a2879c84cd30078f63b5a901e12905a02abd9d1ea9ec90?s=96&d=mm&r=g\",\"contentUrl\":\"https:\\\/\\\/secure.gravatar.com\\\/avatar\\\/34f10b717c81464cc7a2879c84cd30078f63b5a901e12905a02abd9d1ea9ec90?s=96&d=mm&r=g\",\"caption\":\"julietwalker\"},\"url\":\"https:\\\/\\\/blogs.bmj.com\\\/bmj\\\/author\\\/julietwalker\\\/\"}]}<\/script>\n<!-- \/ Yoast SEO plugin. -->","yoast_head_json":{"title":"Brazil, a country collapsing during the covid-19 pandemic - The BMJ","robots":{"index":"index","follow":"follow","max-snippet":"max-snippet:-1","max-image-preview":"max-image-preview:large","max-video-preview":"max-video-preview:-1"},"canonical":"https:\/\/blogs.bmj.com\/bmj\/2021\/03\/26\/brazil-a-country-collapsing-during-the-covid-19-pandemic\/","og_locale":"en_US","og_type":"article","og_title":"Brazil, a country collapsing during the covid-19 pandemic - The BMJ","og_description":"Brazil was the first Latin American country with covid-19 cases on 26 February 2020. At that time, reports from China, Italy, and other Asian and European countries were already abundant [...]More...","og_url":"https:\/\/blogs.bmj.com\/bmj\/2021\/03\/26\/brazil-a-country-collapsing-during-the-covid-19-pandemic\/","og_site_name":"The BMJ","article_publisher":"https:\/\/www.facebook.com\/bmjdotcom\/","article_published_time":"2021-03-26T09:55:34+00:00","article_modified_time":"2021-03-31T18:01:55+00:00","og_image":[{"width":540,"height":350,"url":"https:\/\/blogs.bmj.com\/bmj\/files\/2021\/03\/coronavirus_brazil_hospital_2.jpg","type":"image\/jpeg"}],"author":"julietwalker","twitter_card":"summary_large_image","twitter_creator":"@bmj_latest","twitter_site":"@bmj_latest","twitter_misc":{"Written by":"julietwalker","Est. reading time":"8 minutes"},"schema":{"@context":"https:\/\/schema.org","@graph":[{"@type":"Article","@id":"https:\/\/blogs.bmj.com\/bmj\/2021\/03\/26\/brazil-a-country-collapsing-during-the-covid-19-pandemic\/#article","isPartOf":{"@id":"https:\/\/blogs.bmj.com\/bmj\/2021\/03\/26\/brazil-a-country-collapsing-during-the-covid-19-pandemic\/"},"author":{"name":"julietwalker","@id":"https:\/\/blogs.bmj.com\/bmj\/#\/schema\/person\/373707d32533c2cbca204980b8cd3493"},"headline":"Brazil, a country collapsing during the covid-19 pandemic","datePublished":"2021-03-26T09:55:34+00:00","dateModified":"2021-03-31T18:01:55+00:00","mainEntityOfPage":{"@id":"https:\/\/blogs.bmj.com\/bmj\/2021\/03\/26\/brazil-a-country-collapsing-during-the-covid-19-pandemic\/"},"wordCount":1620,"commentCount":0,"publisher":{"@id":"https:\/\/blogs.bmj.com\/bmj\/#organization"},"image":{"@id":"https:\/\/blogs.bmj.com\/bmj\/2021\/03\/26\/brazil-a-country-collapsing-during-the-covid-19-pandemic\/#primaryimage"},"thumbnailUrl":"https:\/\/blogs.bmj.com\/bmj\/files\/2021\/03\/coronavirus_brazil_hospital_2.jpg","articleSection":["Global health","Patient and public perspectives"],"inLanguage":"en-US","potentialAction":[{"@type":"CommentAction","name":"Comment","target":["https:\/\/blogs.bmj.com\/bmj\/2021\/03\/26\/brazil-a-country-collapsing-during-the-covid-19-pandemic\/#respond"]}]},{"@type":"WebPage","@id":"https:\/\/blogs.bmj.com\/bmj\/2021\/03\/26\/brazil-a-country-collapsing-during-the-covid-19-pandemic\/","url":"https:\/\/blogs.bmj.com\/bmj\/2021\/03\/26\/brazil-a-country-collapsing-during-the-covid-19-pandemic\/","name":"Brazil, a country collapsing during the covid-19 pandemic - The BMJ","isPartOf":{"@id":"https:\/\/blogs.bmj.com\/bmj\/#website"},"primaryImageOfPage":{"@id":"https:\/\/blogs.bmj.com\/bmj\/2021\/03\/26\/brazil-a-country-collapsing-during-the-covid-19-pandemic\/#primaryimage"},"image":{"@id":"https:\/\/blogs.bmj.com\/bmj\/2021\/03\/26\/brazil-a-country-collapsing-during-the-covid-19-pandemic\/#primaryimage"},"thumbnailUrl":"https:\/\/blogs.bmj.com\/bmj\/files\/2021\/03\/coronavirus_brazil_hospital_2.jpg","datePublished":"2021-03-26T09:55:34+00:00","dateModified":"2021-03-31T18:01:55+00:00","breadcrumb":{"@id":"https:\/\/blogs.bmj.com\/bmj\/2021\/03\/26\/brazil-a-country-collapsing-during-the-covid-19-pandemic\/#breadcrumb"},"inLanguage":"en-US","potentialAction":[{"@type":"ReadAction","target":["https:\/\/blogs.bmj.com\/bmj\/2021\/03\/26\/brazil-a-country-collapsing-during-the-covid-19-pandemic\/"]}]},{"@type":"ImageObject","inLanguage":"en-US","@id":"https:\/\/blogs.bmj.com\/bmj\/2021\/03\/26\/brazil-a-country-collapsing-during-the-covid-19-pandemic\/#primaryimage","url":"https:\/\/blogs.bmj.com\/bmj\/files\/2021\/03\/coronavirus_brazil_hospital_2.jpg","contentUrl":"https:\/\/blogs.bmj.com\/bmj\/files\/2021\/03\/coronavirus_brazil_hospital_2.jpg","width":540,"height":350,"caption":"2F4N7T6 Porto Alegre, Brazil. 22nd Mar, 2021. Medical staff works in the Intensive Care Unit (ICU) of the hospital of Clinicas, in Porto Alegre, Brazil, 21 March 2021 (Issued 22 March 2021). The Brazilian government asked on Monday to help the medical industry to find solutions to the shortage of supplies for the intubation of patients with covid-19, a disease that already leaves nearly 300,000 dead in the country. Credit: Marcelo Oliveira\/EFE\/Alamy Live News"},{"@type":"BreadcrumbList","@id":"https:\/\/blogs.bmj.com\/bmj\/2021\/03\/26\/brazil-a-country-collapsing-during-the-covid-19-pandemic\/#breadcrumb","itemListElement":[{"@type":"ListItem","position":1,"name":"Home","item":"https:\/\/blogs.bmj.com\/bmj\/"},{"@type":"ListItem","position":2,"name":"Brazil, a country collapsing during the covid-19 pandemic"}]},{"@type":"WebSite","@id":"https:\/\/blogs.bmj.com\/bmj\/#website","url":"https:\/\/blogs.bmj.com\/bmj\/","name":"The BMJ","description":"Helping doctors make better decisions.","publisher":{"@id":"https:\/\/blogs.bmj.com\/bmj\/#organization"},"potentialAction":[{"@type":"SearchAction","target":{"@type":"EntryPoint","urlTemplate":"https:\/\/blogs.bmj.com\/bmj\/?s={search_term_string}"},"query-input":{"@type":"PropertyValueSpecification","valueRequired":true,"valueName":"search_term_string"}}],"inLanguage":"en-US"},{"@type":"Organization","@id":"https:\/\/blogs.bmj.com\/bmj\/#organization","name":"The BMJ","url":"https:\/\/blogs.bmj.com\/bmj\/","logo":{"@type":"ImageObject","inLanguage":"en-US","@id":"https:\/\/blogs.bmj.com\/bmj\/#\/schema\/logo\/image\/","url":"https:\/\/blogs.bmj.com\/bmj\/files\/2018\/05\/The-BMJ-logo.jpg","contentUrl":"https:\/\/blogs.bmj.com\/bmj\/files\/2018\/05\/The-BMJ-logo.jpg","width":852,"height":568,"caption":"The BMJ"},"image":{"@id":"https:\/\/blogs.bmj.com\/bmj\/#\/schema\/logo\/image\/"},"sameAs":["https:\/\/www.facebook.com\/bmjdotcom\/","https:\/\/x.com\/bmj_latest"]},{"@type":"Person","@id":"https:\/\/blogs.bmj.com\/bmj\/#\/schema\/person\/373707d32533c2cbca204980b8cd3493","name":"julietwalker","image":{"@type":"ImageObject","inLanguage":"en-US","@id":"https:\/\/secure.gravatar.com\/avatar\/34f10b717c81464cc7a2879c84cd30078f63b5a901e12905a02abd9d1ea9ec90?s=96&d=mm&r=g","url":"https:\/\/secure.gravatar.com\/avatar\/34f10b717c81464cc7a2879c84cd30078f63b5a901e12905a02abd9d1ea9ec90?s=96&d=mm&r=g","contentUrl":"https:\/\/secure.gravatar.com\/avatar\/34f10b717c81464cc7a2879c84cd30078f63b5a901e12905a02abd9d1ea9ec90?s=96&d=mm&r=g","caption":"julietwalker"},"url":"https:\/\/blogs.bmj.com\/bmj\/author\/julietwalker\/"}]}},"_links":{"self":[{"href":"https:\/\/blogs.bmj.com\/bmj\/wp-json\/wp\/v2\/posts\/49940","targetHints":{"allow":["GET"]}}],"collection":[{"href":"https:\/\/blogs.bmj.com\/bmj\/wp-json\/wp\/v2\/posts"}],"about":[{"href":"https:\/\/blogs.bmj.com\/bmj\/wp-json\/wp\/v2\/types\/post"}],"author":[{"embeddable":true,"href":"https:\/\/blogs.bmj.com\/bmj\/wp-json\/wp\/v2\/users\/66"}],"replies":[{"embeddable":true,"href":"https:\/\/blogs.bmj.com\/bmj\/wp-json\/wp\/v2\/comments?post=49940"}],"version-history":[{"count":0,"href":"https:\/\/blogs.bmj.com\/bmj\/wp-json\/wp\/v2\/posts\/49940\/revisions"}],"wp:featuredmedia":[{"embeddable":true,"href":"https:\/\/blogs.bmj.com\/bmj\/wp-json\/wp\/v2\/media\/49941"}],"wp:attachment":[{"href":"https:\/\/blogs.bmj.com\/bmj\/wp-json\/wp\/v2\/media?parent=49940"}],"wp:term":[{"taxonomy":"category","embeddable":true,"href":"https:\/\/blogs.bmj.com\/bmj\/wp-json\/wp\/v2\/categories?post=49940"},{"taxonomy":"post_tag","embeddable":true,"href":"https:\/\/blogs.bmj.com\/bmj\/wp-json\/wp\/v2\/tags?post=49940"}],"curies":[{"name":"wp","href":"https:\/\/api.w.org\/{rel}","templated":true}]}}