{"id":48307,"date":"2020-08-13T22:24:28","date_gmt":"2020-08-13T21:24:28","guid":{"rendered":"https:\/\/blogs.bmj.com\/bmj\/?p=48307"},"modified":"2020-08-14T08:49:19","modified_gmt":"2020-08-14T07:49:19","slug":"covid-19-in-latin-america","status":"publish","type":"post","link":"https:\/\/blogs.bmj.com\/bmj\/2020\/08\/13\/covid-19-in-latin-america\/","title":{"rendered":"Covid-19 in Latin America"},"content":{"rendered":"<p><span style=\"font-weight: 400\">The rapid spread of covid-19 across the world has taken the scientific and medical community by surprise.\u00a0<\/span><\/p>\n<p><span style=\"font-weight: 400\">Brazil was the first country to confirm a case of covid-19 case in Latin America on 26 February 2020, followed by Mexico and Ecuador. To date, all 33 countries in Latin America have been impacted by covid-19.<\/span><\/p>\n<p><span style=\"font-weight: 400\">Currently, Latin America has one of the highest urbanization rates in the world, with unequal access to public services such as adequate housing, water, and sanitation. [2] <\/span><span style=\"font-weight: 400\">Countries from Central and South America are also experiencing migration challenges with moving populations fleeing conflict. [3]<\/span><span style=\"font-weight: 400\">\u00a0The lack of universal health coverage and the presence of mainly private for-profit healthcare services places substantial restrictions on efforts to control the outbreak and on the management of testing and contact tracing<\/span><span style=\"font-weight: 400\">. [4] Furthermore, several countries including Venezuela, Chile, or Ecuador have recently experienced political shifts and economic decline. This combination of inequality, lack of governability, and debilitated public services is leading to high numbers of cases and death rates. Urgent and effective action is required.\u00a0\u00a0<\/span><\/p>\n<p><span style=\"font-weight: 400\">Many countries in Latin America reacted quickly to the emerging threat at the start of the regional outbreak. The mobilization of medical personnel, equipment, and significant public health measures has slowed transmission in countries like El Salvador, where very strict draconian measures were put in place a week before any cases were registered in the country.\u00a0 Countries like Ecuador, Colombia, Peru, Chile and Argentina began with less intense physical distancing measures, such as avoiding public gatherings, which soon ramped up to include school closures and international flights restrictions. However, political leaders in Brazil and Mexico have trivialised the pandemic, delaying action and allowing their citizens to pay the price.<\/span><\/p>\n<p><span style=\"font-weight: 400\">In Latin America, there are more than 700 distinct native communities representing more than 45 million people, distributed from Panama to Chile<\/span><span style=\"font-weight: 400\">. [5,6] Travel restrictions within and between towns and cities might intensify the difficulties of access to healthcare services for indigenous and rural populations, pushing them to seek self-isolation as a precautionary response to inaccessibility and poor healthcare<\/span><span style=\"font-weight: 400\">. [7] High-complexity healthcare services, such as the ones needed for patients with acute respiratory stress syndrome, are located almost exclusively in urban settings. Limited mobility, without active search efforts, might sentence isolated populations to a silent death.<\/span><\/p>\n<p><span style=\"font-weight: 400\">Accessing testing is also limited in rural settings throughout the region. The acquisition of diagnostic testing kits is especially difficult when they have to be imported from countries experiencing their own health crises, such as the USA or China. Currently, in countries like Ecuador, Colombia or Peru, the demand for laboratory components exceeds the capacity for supply with laboratory employees working around the clock.\u00a0<\/span><\/p>\n<p><span style=\"font-weight: 400\">The public health response to covid-19 should focus on containing positive cases, strengthening surveillance and contact tracing within the community. A serious additional challenge in responding to covid-19 is protecting medical staff from infection and properly isolating patients. [8] In China, the United Kingdom and the United States of America, difficulties in supplying personal protective equipment (PPE) have been reported. [9] Shortages of personal protective equipment (PPE) in Latin American countries has been more severe, with poor industrial capacity limiting the production of these vital resources. [10] Doctors and health personnel across the region have refused to work due to lack of protection, despite the recommendations from the Pan American Health Organization (PAHO) to ensure sufficient access to protective equipment and supplies.\u00a0<\/span><\/p>\n<p><span style=\"font-weight: 400\">In addition, the coronavirus pandemic has placed an unmanageable burden on public services, including funeral infrastructure. Ecuador was the first country to experience a collapse of funeral services. Morgues, cemeteries and funeral homes in Brazil, Peru and Mexico are now also beyond capacity.\u00a0<\/span><\/p>\n<p><span style=\"font-weight: 400\">In 2019, Latin America experienced the worst dengue epidemic in recent history. [11] More than 3 million confirmed cases were reported, almost 20% more than the previous record breaking figures from 2015. [12] The high burden of many endemic and neglected tropical diseases in the region, including dengue, chikungunya, Zika, yellow fever, filariasis, trachoma, schistosomaisis, leishmaniasis and onchocerciasis, has already exerted a lot of pressure on already weakened health systems. [13] Malaria resurgence is also challenging the region, with more than 400,000 new malaria cases registered in Venezuela in 2018 alone. [14]\u00a0<\/span><\/p>\n<p><span style=\"font-weight: 400\">The evolving covid-19 pandemic combined with decades of high prevalence of infectious and neglected diseases, as well as increasingly higher rates of chronic related maladies, such as diabetes and cancer, will pose enormous pressure on historically weakened public health services and politically unstable countries. A vigorous, coordinated and integrated effort is required for the region to withstand not only the health crisis, but also the resulting unprecedented economic impact of the pandemic.<\/span><\/p>\n<p><em><span style=\"font-weight: 400\"><strong>Esteban Ortiz-Prado<\/strong>, Director of the One Health Research Group at Universidad de las Americas, Quito, Ecuador<\/span><\/em><\/p>\n<p><em><span style=\"font-weight: 400\"><strong>Aquiles R. Henr\u00edquez-Trujillo<\/strong>, Principal investigator, One Health Research Group at Universidad de las Americas, Quito, Ecuador<\/span><\/em><\/p>\n<p><em><span style=\"font-weight: 400\"><strong>Alex Lister<\/strong>, <\/span><span style=\"font-weight: 400\">Operations Management Director, \u200eUniversity Hospital Southampton NHS Foundation Trust<\/span><\/em><\/p>\n<p><em><span style=\"font-weight: 400\"><strong>Gabriel Cevallos-Sierra<\/strong>, Associated Researcher, One Health Research Group at Universidad de las Americas, Quito, Ecuador<\/span><\/em><\/p>\n<p><span style=\"font-weight: 400\"><em><strong>Rachel Lowe<\/strong>, Principal Investigator at the Centre for Mathematical Modelling of Infectious Diseases, London School of<\/em> <em>Hygiene &amp; Tropical Medicine, London, United Kingdom<\/em><\/span><\/p>\n<p><em><b>Competing interests:<\/b><\/em><span style=\"font-weight: 400\"><em> None declared<\/em>\u00a0<\/span><\/p>\n<p><b>References:<\/b><\/p>\n<ol>\n<li><span style=\"font-weight: 400\">WHO. Situation reports [Internet]. World Health Organization; 2020 [citado 10 de marzo de 2020]. Disponible en: https:\/\/www.who.int\/emergencies\/diseases\/novel-coronavirus-2019\/situation-reports\/<\/span><\/li>\n<li><span style=\"font-weight: 400\">Daniels JP. Increasing malaria in Venezuela threatens regional progress. Lancet Infect Dis. 2018;18(3):257.\u00a0<\/span><\/li>\n<li><span style=\"font-weight: 400\">Col\u00f3n-Gonz\u00e1lez FJ, Peres CA, S\u00e3o Bernardo CS, Hunter PR, Lake IR. After the epidemic: Zika virus projections for Latin America and the Caribbean. PLoS Negl Trop Dis. 2017;11(11):e0006007.\u00a0<\/span><\/li>\n<li><span style=\"font-weight: 400\">Atun R, De Andrade LOM, Almeida G, Cotlear D, Dmytraczenko T, Frenz P, et\u00a0al. Health-system reform and universal health coverage in Latin America. The Lancet. 2015;385(9974):1230\u20131247.\u00a0<\/span><\/li>\n<li><span style=\"font-weight: 400\">Montenegro RA, Stephens C. Indigenous health in Latin America and the Caribbean. The Lancet. 2006;367(9525):1859\u20131869.\u00a0<\/span><\/li>\n<li><span style=\"font-weight: 400\">Korzeniewicz RP. Rural poverty, women and indigenous groups in Latin America. En: Rural Poverty in Latin America. Springer; 2000. p. 49\u201364.\u00a0<\/span><\/li>\n<li><span style=\"font-weight: 400\">Kaplan HS, Trumble BC, Stieglitz J, Mamany RM, Cayuba MG, Moye LM, et\u00a0al. Voluntary collective isolation as a best response to COVID-19 for indigenous populations? A case study and protocol from the Bolivian Amazon. The Lancet. 2020;\u00a0<\/span><\/li>\n<li><span style=\"font-weight: 400\">Adalja AA, Toner E, Inglesby TV. Priorities for the US Health Community Responding to COVID-19. JAMA. 2020;\u00a0<\/span><\/li>\n<li><span style=\"font-weight: 400\">Newman M. Covid-19: doctors\u2019 leaders warn that staff could quit and may die over lack of protective equipment. British Medical Journal Publishing Group; 2020.\u00a0<\/span><\/li>\n<li><span style=\"font-weight: 400\">Burki T. COVID-19 in Latin America. Lancet Infect Dis. 2020;\u00a0<\/span><\/li>\n<li><span style=\"font-weight: 400\">PAHO. Epidemiological Update on Dengue [Internet]. 2020. Disponible en: https:\/\/www.paho.org\/hq\/index.php?option=com_docman&amp;view=download&amp;category_slug=dengue-2217&amp;alias=50963-11-november-2019-dengue-epidemiological-update-1&amp;Itemid=270&amp;lang=en<\/span><\/li>\n<li><span style=\"font-weight: 400\">Borchering RK, Huang AT, Mier-y-Teran-Romero L, Rojas DP, Rodriguez-Barraquer I, Katzelnick LC, et\u00a0al. Impacts of Zika emergence in Latin America on endemic dengue transmission. Nat Commun. 2019;10(1):1\u20139.\u00a0<\/span><\/li>\n<li><span style=\"font-weight: 400\">Holveck JC, Ehrenberg JP, Ault SK, Rojas R, Vasquez J, Cerqueira MT, et\u00a0al. Prevention, control, and elimination of neglected diseases in the Americas: pathways to integrated, inter-programmatic, inter-sectoral action for health and development. BMC Public Health. 2007;7(1):6.\u00a0<\/span><\/li>\n<li><span style=\"font-weight: 400\">Jaramillo-Ochoa R, Sippy R, Farrell DF, Cueva-Aponte C, Beltr\u00e1n-Ayala E, Gonzaga JL, et\u00a0al. Effects of political instability in Venezuela on malaria resurgence at Ecuador\u2013Peru border, 2018. Emerg Infect Dis. 2019;25(4):834.\u00a0<\/span><\/li>\n<\/ol>\n<p>&nbsp;<\/p>\n","protected":false},"excerpt":{"rendered":"<p>The rapid spread of covid-19 across the world has taken the scientific and medical community by surprise.\u00a0 Brazil was the first country to confirm a case of covid-19 case in [&#8230;]<\/p>\n<p><a class=\"btn btn-secondary understrap-read-more-link\" href=\"https:\/\/blogs.bmj.com\/bmj\/2020\/08\/13\/covid-19-in-latin-america\/\">More&#8230;<\/a><\/p>\n","protected":false},"author":1,"featured_media":47845,"comment_status":"open","ping_status":"closed","sticky":false,"template":"","format":"standard","meta":{"footnotes":""},"categories":[263],"tags":[],"class_list":["post-48307","post","type-post","status-publish","format-standard","has-post-thumbnail","hentry","category-global-health"],"yoast_head":"<!-- This site is optimized with the Yoast SEO plugin v27.5 - https:\/\/yoast.com\/product\/yoast-seo-wordpress\/ -->\n<title>Covid-19 in Latin America - The BMJ<\/title>\n<meta name=\"robots\" content=\"index, follow, max-snippet:-1, max-image-preview:large, max-video-preview:-1\" \/>\n<link rel=\"canonical\" href=\"https:\/\/blogs.bmj.com\/bmj\/2020\/08\/13\/covid-19-in-latin-america\/\" \/>\n<meta property=\"og:locale\" content=\"en_US\" \/>\n<meta property=\"og:type\" content=\"article\" \/>\n<meta property=\"og:title\" content=\"Covid-19 in Latin America - The BMJ\" \/>\n<meta property=\"og:description\" content=\"The rapid spread of covid-19 across the world has taken the scientific and medical community by surprise.\u00a0 Brazil was the first country to confirm a case of covid-19 case in [...]More...\" \/>\n<meta property=\"og:url\" content=\"https:\/\/blogs.bmj.com\/bmj\/2020\/08\/13\/covid-19-in-latin-america\/\" \/>\n<meta property=\"og:site_name\" content=\"The BMJ\" \/>\n<meta property=\"article:publisher\" content=\"https:\/\/www.facebook.com\/bmjdotcom\/\" \/>\n<meta property=\"article:published_time\" content=\"2020-08-13T21:24:28+00:00\" \/>\n<meta property=\"article:modified_time\" content=\"2020-08-14T07:49:19+00:00\" \/>\n<meta property=\"og:image\" content=\"https:\/\/blogs.bmj.com\/bmj\/files\/2020\/06\/coronavirus_brazil_slum.jpg\" \/>\n\t<meta property=\"og:image:width\" content=\"540\" \/>\n\t<meta property=\"og:image:height\" content=\"350\" \/>\n\t<meta property=\"og:image:type\" content=\"image\/jpeg\" \/>\n<meta name=\"author\" content=\"BMJ\" \/>\n<meta name=\"twitter:card\" content=\"summary_large_image\" \/>\n<meta name=\"twitter:creator\" content=\"@bmj_latest\" \/>\n<meta name=\"twitter:site\" content=\"@bmj_latest\" \/>\n<meta name=\"twitter:label1\" content=\"Written by\" \/>\n\t<meta name=\"twitter:data1\" content=\"BMJ\" \/>\n\t<meta name=\"twitter:label2\" content=\"Est. reading time\" \/>\n\t<meta name=\"twitter:data2\" content=\"6 minutes\" \/>\n<script type=\"application\/ld+json\" class=\"yoast-schema-graph\">{\"@context\":\"https:\\\/\\\/schema.org\",\"@graph\":[{\"@type\":\"Article\",\"@id\":\"https:\\\/\\\/blogs.bmj.com\\\/bmj\\\/2020\\\/08\\\/13\\\/covid-19-in-latin-america\\\/#article\",\"isPartOf\":{\"@id\":\"https:\\\/\\\/blogs.bmj.com\\\/bmj\\\/2020\\\/08\\\/13\\\/covid-19-in-latin-america\\\/\"},\"author\":{\"name\":\"BMJ\",\"@id\":\"https:\\\/\\\/blogs.bmj.com\\\/bmj\\\/#\\\/schema\\\/person\\\/ba3da426ed20e8f1d933ca367d8216fe\"},\"headline\":\"Covid-19 in Latin America\",\"datePublished\":\"2020-08-13T21:24:28+00:00\",\"dateModified\":\"2020-08-14T07:49:19+00:00\",\"mainEntityOfPage\":{\"@id\":\"https:\\\/\\\/blogs.bmj.com\\\/bmj\\\/2020\\\/08\\\/13\\\/covid-19-in-latin-america\\\/\"},\"wordCount\":1180,\"commentCount\":0,\"publisher\":{\"@id\":\"https:\\\/\\\/blogs.bmj.com\\\/bmj\\\/#organization\"},\"image\":{\"@id\":\"https:\\\/\\\/blogs.bmj.com\\\/bmj\\\/2020\\\/08\\\/13\\\/covid-19-in-latin-america\\\/#primaryimage\"},\"thumbnailUrl\":\"https:\\\/\\\/blogs.bmj.com\\\/bmj\\\/files\\\/2020\\\/06\\\/coronavirus_brazil_slum.jpg\",\"articleSection\":[\"Global health\"],\"inLanguage\":\"en-US\",\"potentialAction\":[{\"@type\":\"CommentAction\",\"name\":\"Comment\",\"target\":[\"https:\\\/\\\/blogs.bmj.com\\\/bmj\\\/2020\\\/08\\\/13\\\/covid-19-in-latin-america\\\/#respond\"]}]},{\"@type\":\"WebPage\",\"@id\":\"https:\\\/\\\/blogs.bmj.com\\\/bmj\\\/2020\\\/08\\\/13\\\/covid-19-in-latin-america\\\/\",\"url\":\"https:\\\/\\\/blogs.bmj.com\\\/bmj\\\/2020\\\/08\\\/13\\\/covid-19-in-latin-america\\\/\",\"name\":\"Covid-19 in Latin America - The BMJ\",\"isPartOf\":{\"@id\":\"https:\\\/\\\/blogs.bmj.com\\\/bmj\\\/#website\"},\"primaryImageOfPage\":{\"@id\":\"https:\\\/\\\/blogs.bmj.com\\\/bmj\\\/2020\\\/08\\\/13\\\/covid-19-in-latin-america\\\/#primaryimage\"},\"image\":{\"@id\":\"https:\\\/\\\/blogs.bmj.com\\\/bmj\\\/2020\\\/08\\\/13\\\/covid-19-in-latin-america\\\/#primaryimage\"},\"thumbnailUrl\":\"https:\\\/\\\/blogs.bmj.com\\\/bmj\\\/files\\\/2020\\\/06\\\/coronavirus_brazil_slum.jpg\",\"datePublished\":\"2020-08-13T21:24:28+00:00\",\"dateModified\":\"2020-08-14T07:49:19+00:00\",\"breadcrumb\":{\"@id\":\"https:\\\/\\\/blogs.bmj.com\\\/bmj\\\/2020\\\/08\\\/13\\\/covid-19-in-latin-america\\\/#breadcrumb\"},\"inLanguage\":\"en-US\",\"potentialAction\":[{\"@type\":\"ReadAction\",\"target\":[\"https:\\\/\\\/blogs.bmj.com\\\/bmj\\\/2020\\\/08\\\/13\\\/covid-19-in-latin-america\\\/\"]}]},{\"@type\":\"ImageObject\",\"inLanguage\":\"en-US\",\"@id\":\"https:\\\/\\\/blogs.bmj.com\\\/bmj\\\/2020\\\/08\\\/13\\\/covid-19-in-latin-america\\\/#primaryimage\",\"url\":\"https:\\\/\\\/blogs.bmj.com\\\/bmj\\\/files\\\/2020\\\/06\\\/coronavirus_brazil_slum.jpg\",\"contentUrl\":\"https:\\\/\\\/blogs.bmj.com\\\/bmj\\\/files\\\/2020\\\/06\\\/coronavirus_brazil_slum.jpg\",\"width\":540,\"height\":350,\"caption\":\"19 April 2020, Brazil, Sao Paulo: Health professionals wearing full protective gear examine a man during a home-test operation in the Favela do Paraisopolis against the spread of the coronavirus. Several people live in the favela in a very confined space, making social distance impossible amid the Coronavirus outbreak. Photo: Andre Lucas\\\/dpa\"},{\"@type\":\"BreadcrumbList\",\"@id\":\"https:\\\/\\\/blogs.bmj.com\\\/bmj\\\/2020\\\/08\\\/13\\\/covid-19-in-latin-america\\\/#breadcrumb\",\"itemListElement\":[{\"@type\":\"ListItem\",\"position\":1,\"name\":\"Home\",\"item\":\"https:\\\/\\\/blogs.bmj.com\\\/bmj\\\/\"},{\"@type\":\"ListItem\",\"position\":2,\"name\":\"Covid-19 in Latin America\"}]},{\"@type\":\"WebSite\",\"@id\":\"https:\\\/\\\/blogs.bmj.com\\\/bmj\\\/#website\",\"url\":\"https:\\\/\\\/blogs.bmj.com\\\/bmj\\\/\",\"name\":\"The BMJ\",\"description\":\"Helping doctors make better decisions.\",\"publisher\":{\"@id\":\"https:\\\/\\\/blogs.bmj.com\\\/bmj\\\/#organization\"},\"potentialAction\":[{\"@type\":\"SearchAction\",\"target\":{\"@type\":\"EntryPoint\",\"urlTemplate\":\"https:\\\/\\\/blogs.bmj.com\\\/bmj\\\/?s={search_term_string}\"},\"query-input\":{\"@type\":\"PropertyValueSpecification\",\"valueRequired\":true,\"valueName\":\"search_term_string\"}}],\"inLanguage\":\"en-US\"},{\"@type\":\"Organization\",\"@id\":\"https:\\\/\\\/blogs.bmj.com\\\/bmj\\\/#organization\",\"name\":\"The BMJ\",\"url\":\"https:\\\/\\\/blogs.bmj.com\\\/bmj\\\/\",\"logo\":{\"@type\":\"ImageObject\",\"inLanguage\":\"en-US\",\"@id\":\"https:\\\/\\\/blogs.bmj.com\\\/bmj\\\/#\\\/schema\\\/logo\\\/image\\\/\",\"url\":\"https:\\\/\\\/blogs.bmj.com\\\/bmj\\\/files\\\/2018\\\/05\\\/The-BMJ-logo.jpg\",\"contentUrl\":\"https:\\\/\\\/blogs.bmj.com\\\/bmj\\\/files\\\/2018\\\/05\\\/The-BMJ-logo.jpg\",\"width\":852,\"height\":568,\"caption\":\"The BMJ\"},\"image\":{\"@id\":\"https:\\\/\\\/blogs.bmj.com\\\/bmj\\\/#\\\/schema\\\/logo\\\/image\\\/\"},\"sameAs\":[\"https:\\\/\\\/www.facebook.com\\\/bmjdotcom\\\/\",\"https:\\\/\\\/x.com\\\/bmj_latest\"]},{\"@type\":\"Person\",\"@id\":\"https:\\\/\\\/blogs.bmj.com\\\/bmj\\\/#\\\/schema\\\/person\\\/ba3da426ed20e8f1d933ca367d8216fe\",\"name\":\"BMJ\",\"image\":{\"@type\":\"ImageObject\",\"inLanguage\":\"en-US\",\"@id\":\"https:\\\/\\\/secure.gravatar.com\\\/avatar\\\/b4d8f39281bcae118348a1c027347b8e53b82d42520e774a8b50dd9a6ac6c01d?s=96&d=mm&r=g\",\"url\":\"https:\\\/\\\/secure.gravatar.com\\\/avatar\\\/b4d8f39281bcae118348a1c027347b8e53b82d42520e774a8b50dd9a6ac6c01d?s=96&d=mm&r=g\",\"contentUrl\":\"https:\\\/\\\/secure.gravatar.com\\\/avatar\\\/b4d8f39281bcae118348a1c027347b8e53b82d42520e774a8b50dd9a6ac6c01d?s=96&d=mm&r=g\",\"caption\":\"BMJ\"},\"sameAs\":[\"https:\\\/\\\/blogs.bmj.com\\\/\"],\"url\":\"https:\\\/\\\/blogs.bmj.com\\\/bmj\\\/author\\\/admin\\\/\"}]}<\/script>\n<!-- \/ Yoast SEO plugin. -->","yoast_head_json":{"title":"Covid-19 in Latin America - The BMJ","robots":{"index":"index","follow":"follow","max-snippet":"max-snippet:-1","max-image-preview":"max-image-preview:large","max-video-preview":"max-video-preview:-1"},"canonical":"https:\/\/blogs.bmj.com\/bmj\/2020\/08\/13\/covid-19-in-latin-america\/","og_locale":"en_US","og_type":"article","og_title":"Covid-19 in Latin America - The BMJ","og_description":"The rapid spread of covid-19 across the world has taken the scientific and medical community by surprise.\u00a0 Brazil was the first country to confirm a case of covid-19 case in [...]More...","og_url":"https:\/\/blogs.bmj.com\/bmj\/2020\/08\/13\/covid-19-in-latin-america\/","og_site_name":"The BMJ","article_publisher":"https:\/\/www.facebook.com\/bmjdotcom\/","article_published_time":"2020-08-13T21:24:28+00:00","article_modified_time":"2020-08-14T07:49:19+00:00","og_image":[{"width":540,"height":350,"url":"https:\/\/blogs.bmj.com\/bmj\/files\/2020\/06\/coronavirus_brazil_slum.jpg","type":"image\/jpeg"}],"author":"BMJ","twitter_card":"summary_large_image","twitter_creator":"@bmj_latest","twitter_site":"@bmj_latest","twitter_misc":{"Written by":"BMJ","Est. reading time":"6 minutes"},"schema":{"@context":"https:\/\/schema.org","@graph":[{"@type":"Article","@id":"https:\/\/blogs.bmj.com\/bmj\/2020\/08\/13\/covid-19-in-latin-america\/#article","isPartOf":{"@id":"https:\/\/blogs.bmj.com\/bmj\/2020\/08\/13\/covid-19-in-latin-america\/"},"author":{"name":"BMJ","@id":"https:\/\/blogs.bmj.com\/bmj\/#\/schema\/person\/ba3da426ed20e8f1d933ca367d8216fe"},"headline":"Covid-19 in Latin America","datePublished":"2020-08-13T21:24:28+00:00","dateModified":"2020-08-14T07:49:19+00:00","mainEntityOfPage":{"@id":"https:\/\/blogs.bmj.com\/bmj\/2020\/08\/13\/covid-19-in-latin-america\/"},"wordCount":1180,"commentCount":0,"publisher":{"@id":"https:\/\/blogs.bmj.com\/bmj\/#organization"},"image":{"@id":"https:\/\/blogs.bmj.com\/bmj\/2020\/08\/13\/covid-19-in-latin-america\/#primaryimage"},"thumbnailUrl":"https:\/\/blogs.bmj.com\/bmj\/files\/2020\/06\/coronavirus_brazil_slum.jpg","articleSection":["Global health"],"inLanguage":"en-US","potentialAction":[{"@type":"CommentAction","name":"Comment","target":["https:\/\/blogs.bmj.com\/bmj\/2020\/08\/13\/covid-19-in-latin-america\/#respond"]}]},{"@type":"WebPage","@id":"https:\/\/blogs.bmj.com\/bmj\/2020\/08\/13\/covid-19-in-latin-america\/","url":"https:\/\/blogs.bmj.com\/bmj\/2020\/08\/13\/covid-19-in-latin-america\/","name":"Covid-19 in Latin America - The BMJ","isPartOf":{"@id":"https:\/\/blogs.bmj.com\/bmj\/#website"},"primaryImageOfPage":{"@id":"https:\/\/blogs.bmj.com\/bmj\/2020\/08\/13\/covid-19-in-latin-america\/#primaryimage"},"image":{"@id":"https:\/\/blogs.bmj.com\/bmj\/2020\/08\/13\/covid-19-in-latin-america\/#primaryimage"},"thumbnailUrl":"https:\/\/blogs.bmj.com\/bmj\/files\/2020\/06\/coronavirus_brazil_slum.jpg","datePublished":"2020-08-13T21:24:28+00:00","dateModified":"2020-08-14T07:49:19+00:00","breadcrumb":{"@id":"https:\/\/blogs.bmj.com\/bmj\/2020\/08\/13\/covid-19-in-latin-america\/#breadcrumb"},"inLanguage":"en-US","potentialAction":[{"@type":"ReadAction","target":["https:\/\/blogs.bmj.com\/bmj\/2020\/08\/13\/covid-19-in-latin-america\/"]}]},{"@type":"ImageObject","inLanguage":"en-US","@id":"https:\/\/blogs.bmj.com\/bmj\/2020\/08\/13\/covid-19-in-latin-america\/#primaryimage","url":"https:\/\/blogs.bmj.com\/bmj\/files\/2020\/06\/coronavirus_brazil_slum.jpg","contentUrl":"https:\/\/blogs.bmj.com\/bmj\/files\/2020\/06\/coronavirus_brazil_slum.jpg","width":540,"height":350,"caption":"19 April 2020, Brazil, Sao Paulo: Health professionals wearing full protective gear examine a man during a home-test operation in the Favela do Paraisopolis against the spread of the coronavirus. Several people live in the favela in a very confined space, making social distance impossible amid the Coronavirus outbreak. Photo: Andre Lucas\/dpa"},{"@type":"BreadcrumbList","@id":"https:\/\/blogs.bmj.com\/bmj\/2020\/08\/13\/covid-19-in-latin-america\/#breadcrumb","itemListElement":[{"@type":"ListItem","position":1,"name":"Home","item":"https:\/\/blogs.bmj.com\/bmj\/"},{"@type":"ListItem","position":2,"name":"Covid-19 in Latin America"}]},{"@type":"WebSite","@id":"https:\/\/blogs.bmj.com\/bmj\/#website","url":"https:\/\/blogs.bmj.com\/bmj\/","name":"The BMJ","description":"Helping doctors make better decisions.","publisher":{"@id":"https:\/\/blogs.bmj.com\/bmj\/#organization"},"potentialAction":[{"@type":"SearchAction","target":{"@type":"EntryPoint","urlTemplate":"https:\/\/blogs.bmj.com\/bmj\/?s={search_term_string}"},"query-input":{"@type":"PropertyValueSpecification","valueRequired":true,"valueName":"search_term_string"}}],"inLanguage":"en-US"},{"@type":"Organization","@id":"https:\/\/blogs.bmj.com\/bmj\/#organization","name":"The BMJ","url":"https:\/\/blogs.bmj.com\/bmj\/","logo":{"@type":"ImageObject","inLanguage":"en-US","@id":"https:\/\/blogs.bmj.com\/bmj\/#\/schema\/logo\/image\/","url":"https:\/\/blogs.bmj.com\/bmj\/files\/2018\/05\/The-BMJ-logo.jpg","contentUrl":"https:\/\/blogs.bmj.com\/bmj\/files\/2018\/05\/The-BMJ-logo.jpg","width":852,"height":568,"caption":"The BMJ"},"image":{"@id":"https:\/\/blogs.bmj.com\/bmj\/#\/schema\/logo\/image\/"},"sameAs":["https:\/\/www.facebook.com\/bmjdotcom\/","https:\/\/x.com\/bmj_latest"]},{"@type":"Person","@id":"https:\/\/blogs.bmj.com\/bmj\/#\/schema\/person\/ba3da426ed20e8f1d933ca367d8216fe","name":"BMJ","image":{"@type":"ImageObject","inLanguage":"en-US","@id":"https:\/\/secure.gravatar.com\/avatar\/b4d8f39281bcae118348a1c027347b8e53b82d42520e774a8b50dd9a6ac6c01d?s=96&d=mm&r=g","url":"https:\/\/secure.gravatar.com\/avatar\/b4d8f39281bcae118348a1c027347b8e53b82d42520e774a8b50dd9a6ac6c01d?s=96&d=mm&r=g","contentUrl":"https:\/\/secure.gravatar.com\/avatar\/b4d8f39281bcae118348a1c027347b8e53b82d42520e774a8b50dd9a6ac6c01d?s=96&d=mm&r=g","caption":"BMJ"},"sameAs":["https:\/\/blogs.bmj.com\/"],"url":"https:\/\/blogs.bmj.com\/bmj\/author\/admin\/"}]}},"_links":{"self":[{"href":"https:\/\/blogs.bmj.com\/bmj\/wp-json\/wp\/v2\/posts\/48307","targetHints":{"allow":["GET"]}}],"collection":[{"href":"https:\/\/blogs.bmj.com\/bmj\/wp-json\/wp\/v2\/posts"}],"about":[{"href":"https:\/\/blogs.bmj.com\/bmj\/wp-json\/wp\/v2\/types\/post"}],"author":[{"embeddable":true,"href":"https:\/\/blogs.bmj.com\/bmj\/wp-json\/wp\/v2\/users\/1"}],"replies":[{"embeddable":true,"href":"https:\/\/blogs.bmj.com\/bmj\/wp-json\/wp\/v2\/comments?post=48307"}],"version-history":[{"count":0,"href":"https:\/\/blogs.bmj.com\/bmj\/wp-json\/wp\/v2\/posts\/48307\/revisions"}],"wp:featuredmedia":[{"embeddable":true,"href":"https:\/\/blogs.bmj.com\/bmj\/wp-json\/wp\/v2\/media\/47845"}],"wp:attachment":[{"href":"https:\/\/blogs.bmj.com\/bmj\/wp-json\/wp\/v2\/media?parent=48307"}],"wp:term":[{"taxonomy":"category","embeddable":true,"href":"https:\/\/blogs.bmj.com\/bmj\/wp-json\/wp\/v2\/categories?post=48307"},{"taxonomy":"post_tag","embeddable":true,"href":"https:\/\/blogs.bmj.com\/bmj\/wp-json\/wp\/v2\/tags?post=48307"}],"curies":[{"name":"wp","href":"https:\/\/api.w.org\/{rel}","templated":true}]}}