{"id":36260,"date":"2016-03-01T13:40:42","date_gmt":"2016-03-01T12:40:42","guid":{"rendered":"https:\/\/blogs.bmj.com\/bmj\/?p=36260"},"modified":"2016-03-01T13:40:42","modified_gmt":"2016-03-01T12:40:42","slug":"charline-bradshaw-the-calais-crisis-and-grassroots-movement","status":"publish","type":"post","link":"https:\/\/blogs.bmj.com\/bmj\/2016\/03\/01\/charline-bradshaw-the-calais-crisis-and-grassroots-movement\/","title":{"rendered":"Charline Bradshaw: The Calais crisis and grassroots movement"},"content":{"rendered":"<p><img loading=\"lazy\" decoding=\"async\" class=\"alignleft wp-image-36262\" src=\"https:\/\/blogs.bmj.com\/bmj\/files\/2016\/03\/charline_bradshaw.png\" alt=\"charline_bradshaw\" width=\"139\" height=\"187\" \/>There are an <a href=\"http:\/\/www.theguardian.com\/world\/2015\/nov\/03\/refugees-horror-calais-jungle-refugee-camp-feel-like-dying-slowly\">estimated 6000 men, women, and children<\/a> living in a disused refuge site in Northern France. A <a href=\"http:\/\/www.helprefugees.org.uk\/2016\/02\/22\/calais-camp-total-number-of-residents-revealed-for-the-first-time-423-unaccompanied-minors\/\">recent census revealed that<\/a> there are around 423 unaccompanied minors among those living in a collection of tents and wooden structures. They are a small proportion of <a href=\"http:\/\/www.msf.org.uk\/sites\/uk\/files\/msf_obstacle_course_to_europe_final_final.pdf\">the estimated one million refugees<\/a> who have entered Europe in 2015 and of the 16 million displaced across the Middle East through conflict, persecution, and\/or hunger.<\/p>\n<p>Over the past two weeks a prefecture-led eviction of the southern part of the camp was\u00a0announced and challenged in court, but has still gone ahead. <!--more-->The eviction includes an area dominated by The Ashram Kitchen (serving over 1000 meals a day), two makeshift Mosques, a large area housing women and children, and our medical clinic. This eviction will lead to the mass displacement of <a href=\"http:\/\/www.helprefugees.org.uk\/2016\/02\/22\/calais-camp-total-number-of-residents-revealed-for-the-first-time-423-unaccompanied-minors\/\">around 3000 already vulnerable and cold individuals<\/a> with the aim of relocating them into prefabricated containers (which have capacity for 800 to 1000 people). There has been no real consistency in\u00a0how eviction information has been disseminated by the authorities, which has led to rumour, conjecture, and a huge swell of uncertainty and fear.<\/p>\n<p>For several months I have volunteered for an organisation called the Hummingbird Project; a grassroots, solidarity movement, which started life as a soup kitchen.<br \/>\nWe now provide first aid, triage, and medical advice in a purpose built clinic in the Calais &#8220;Jungle.&#8221; We are supported by a growing team of clinical and non-clinical staff and are able to provide medical support on a weekly basis. We have excellent links with the recognised humanitarian actors within the camp, which aids continuation of clinical care. Medically, we have witnessed viral illness, measles, injury associated with police brutality, pregnancy, post-traumatic stress disorder, depression with suicidal ideation, cutaneous leishmaniasis, and scabies to name but a few. Typically, we see around 100 people each\u00a0weekend and attempt to refer them to appropriate services, provide simple first aid, safeguard, witness, document typical presentations and type of injury, or take the patient to hospital for emergency care.<\/p>\n<p>Thus far the grassroots movement has been astounding. Individuals, groups of friends and colleagues, and small organisations have filled a vacuum of basic need where governments and the EU have failed. Their failure is catastrophic at several levels, <a href=\"http:\/\/www.msf.org.uk\/sites\/uk\/files\/msf_obstacle_course_to_europe_final_final.pdf\">including reception into the EU and access to essential services<\/a>. When I was last in Calais,\u00a0there were\u00a0countless volunteers helping to relocate residents into the northern part of the camp to avoid destruction of the wooden structures, which house refugees as well as act as medical facilities, youth centres, and communal spaces.<\/p>\n<p>In Calais there have been volunteers present from the outset to provide some element of humanity to an inhumane standard of living. There has been clothing tirelessly sorted and distributed by volunteers; there has been theatre; there has been art; there has been tea, coffee, and haircuts: a drop in the ocean of what actually needs to be done. What is lacking <a href=\"https:\/\/www.doctorsoftheworld.org.uk\/files\/Calais_Health_Report.pdf\">is sanitation<\/a>;\u00a0safeguarding for the most vulnerable (for example, some women are too scared to leave their tents to use the toilets); antenatal care (women can access antenatal care at the local hospital, which is five miles from the camp along a busy road); and security (right wing groups are increasingly present and there have been documented assaults on camp residents).<\/p>\n<p>From a medical perspective there is unmet need on an unimaginable scale. From mental to sexual health, there will be longstanding repercussions. The local hospital in Calais is set to replace the M\u00e9d\u00e9cins Sans Fronti\u00e8res field hospital in early March. It remains to be seen what level of medical care the camp residents will receive, although if the EU response is a useful measure upon which to make predictions, expectations are not high.<\/p>\n<p><em><strong>Charline Bradshaw<\/strong> is\u00a0a junior doctor currently working in an A&amp;E in Brighton, with a long personal interest in refugee and asylum seeker health and wellbeing. She has\u00a0been going to Calais with the Hummingbird Project for several months, and now coordinates the medical rota as well as providing frontline first aid in the clinic.<\/em><\/p>\n<p><strong>Competing interests:<\/strong> None declared.<\/p>\n","protected":false},"excerpt":{"rendered":"<p>There are an estimated 6000 men, women, and children living in a disused refuge site in Northern France. A recent census revealed that there are around 423 unaccompanied minors among [&#8230;]<\/p>\n<p><a class=\"btn btn-secondary understrap-read-more-link\" href=\"https:\/\/blogs.bmj.com\/bmj\/2016\/03\/01\/charline-bradshaw-the-calais-crisis-and-grassroots-movement\/\">More&#8230;<\/a><\/p>\n","protected":false},"author":1,"featured_media":0,"comment_status":"open","ping_status":"closed","sticky":false,"template":"","format":"standard","meta":{"footnotes":""},"categories":[263],"tags":[],"class_list":["post-36260","post","type-post","status-publish","format-standard","hentry","category-global-health"],"yoast_head":"<!-- This site is optimized with the Yoast SEO plugin v27.5 - https:\/\/yoast.com\/product\/yoast-seo-wordpress\/ -->\n<title>Charline Bradshaw: The Calais crisis and grassroots movement - The BMJ<\/title>\n<meta name=\"robots\" content=\"index, follow, max-snippet:-1, max-image-preview:large, max-video-preview:-1\" \/>\n<link rel=\"canonical\" href=\"https:\/\/blogs.bmj.com\/bmj\/2016\/03\/01\/charline-bradshaw-the-calais-crisis-and-grassroots-movement\/\" \/>\n<meta property=\"og:locale\" content=\"en_US\" \/>\n<meta property=\"og:type\" content=\"article\" \/>\n<meta property=\"og:title\" content=\"Charline Bradshaw: The Calais crisis and grassroots movement - The BMJ\" \/>\n<meta property=\"og:description\" content=\"There are an estimated 6000 men, women, and children living in a disused refuge site in Northern France. A recent census revealed that there are around 423 unaccompanied minors among [...]More...\" \/>\n<meta property=\"og:url\" content=\"https:\/\/blogs.bmj.com\/bmj\/2016\/03\/01\/charline-bradshaw-the-calais-crisis-and-grassroots-movement\/\" \/>\n<meta property=\"og:site_name\" content=\"The BMJ\" \/>\n<meta property=\"article:publisher\" content=\"https:\/\/www.facebook.com\/bmjdotcom\/\" \/>\n<meta property=\"article:published_time\" content=\"2016-03-01T12:40:42+00:00\" \/>\n<meta property=\"og:image\" content=\"https:\/\/blogs.bmj.com\/bmj\/files\/2016\/03\/charline_bradshaw.png\" \/>\n<meta name=\"author\" content=\"BMJ\" \/>\n<meta name=\"twitter:card\" content=\"summary_large_image\" \/>\n<meta name=\"twitter:creator\" content=\"@bmj_latest\" \/>\n<meta name=\"twitter:site\" content=\"@bmj_latest\" \/>\n<meta name=\"twitter:label1\" content=\"Written by\" \/>\n\t<meta name=\"twitter:data1\" content=\"BMJ\" \/>\n\t<meta name=\"twitter:label2\" content=\"Est. reading time\" \/>\n\t<meta name=\"twitter:data2\" content=\"3 minutes\" \/>\n<script type=\"application\/ld+json\" class=\"yoast-schema-graph\">{\"@context\":\"https:\\\/\\\/schema.org\",\"@graph\":[{\"@type\":\"Article\",\"@id\":\"https:\\\/\\\/blogs.bmj.com\\\/bmj\\\/2016\\\/03\\\/01\\\/charline-bradshaw-the-calais-crisis-and-grassroots-movement\\\/#article\",\"isPartOf\":{\"@id\":\"https:\\\/\\\/blogs.bmj.com\\\/bmj\\\/2016\\\/03\\\/01\\\/charline-bradshaw-the-calais-crisis-and-grassroots-movement\\\/\"},\"author\":{\"name\":\"BMJ\",\"@id\":\"https:\\\/\\\/blogs.bmj.com\\\/bmj\\\/#\\\/schema\\\/person\\\/ba3da426ed20e8f1d933ca367d8216fe\"},\"headline\":\"Charline Bradshaw: The Calais crisis and grassroots movement\",\"datePublished\":\"2016-03-01T12:40:42+00:00\",\"mainEntityOfPage\":{\"@id\":\"https:\\\/\\\/blogs.bmj.com\\\/bmj\\\/2016\\\/03\\\/01\\\/charline-bradshaw-the-calais-crisis-and-grassroots-movement\\\/\"},\"wordCount\":692,\"commentCount\":0,\"publisher\":{\"@id\":\"https:\\\/\\\/blogs.bmj.com\\\/bmj\\\/#organization\"},\"image\":{\"@id\":\"https:\\\/\\\/blogs.bmj.com\\\/bmj\\\/2016\\\/03\\\/01\\\/charline-bradshaw-the-calais-crisis-and-grassroots-movement\\\/#primaryimage\"},\"thumbnailUrl\":\"https:\\\/\\\/blogs.bmj.com\\\/bmj\\\/files\\\/2016\\\/03\\\/charline_bradshaw.png\",\"articleSection\":[\"Global health\"],\"inLanguage\":\"en-US\",\"potentialAction\":[{\"@type\":\"CommentAction\",\"name\":\"Comment\",\"target\":[\"https:\\\/\\\/blogs.bmj.com\\\/bmj\\\/2016\\\/03\\\/01\\\/charline-bradshaw-the-calais-crisis-and-grassroots-movement\\\/#respond\"]}]},{\"@type\":\"WebPage\",\"@id\":\"https:\\\/\\\/blogs.bmj.com\\\/bmj\\\/2016\\\/03\\\/01\\\/charline-bradshaw-the-calais-crisis-and-grassroots-movement\\\/\",\"url\":\"https:\\\/\\\/blogs.bmj.com\\\/bmj\\\/2016\\\/03\\\/01\\\/charline-bradshaw-the-calais-crisis-and-grassroots-movement\\\/\",\"name\":\"Charline Bradshaw: The Calais crisis and grassroots movement - The BMJ\",\"isPartOf\":{\"@id\":\"https:\\\/\\\/blogs.bmj.com\\\/bmj\\\/#website\"},\"primaryImageOfPage\":{\"@id\":\"https:\\\/\\\/blogs.bmj.com\\\/bmj\\\/2016\\\/03\\\/01\\\/charline-bradshaw-the-calais-crisis-and-grassroots-movement\\\/#primaryimage\"},\"image\":{\"@id\":\"https:\\\/\\\/blogs.bmj.com\\\/bmj\\\/2016\\\/03\\\/01\\\/charline-bradshaw-the-calais-crisis-and-grassroots-movement\\\/#primaryimage\"},\"thumbnailUrl\":\"https:\\\/\\\/blogs.bmj.com\\\/bmj\\\/files\\\/2016\\\/03\\\/charline_bradshaw.png\",\"datePublished\":\"2016-03-01T12:40:42+00:00\",\"breadcrumb\":{\"@id\":\"https:\\\/\\\/blogs.bmj.com\\\/bmj\\\/2016\\\/03\\\/01\\\/charline-bradshaw-the-calais-crisis-and-grassroots-movement\\\/#breadcrumb\"},\"inLanguage\":\"en-US\",\"potentialAction\":[{\"@type\":\"ReadAction\",\"target\":[\"https:\\\/\\\/blogs.bmj.com\\\/bmj\\\/2016\\\/03\\\/01\\\/charline-bradshaw-the-calais-crisis-and-grassroots-movement\\\/\"]}]},{\"@type\":\"ImageObject\",\"inLanguage\":\"en-US\",\"@id\":\"https:\\\/\\\/blogs.bmj.com\\\/bmj\\\/2016\\\/03\\\/01\\\/charline-bradshaw-the-calais-crisis-and-grassroots-movement\\\/#primaryimage\",\"url\":\"https:\\\/\\\/blogs.bmj.com\\\/bmj\\\/files\\\/2016\\\/03\\\/charline_bradshaw.png\",\"contentUrl\":\"https:\\\/\\\/blogs.bmj.com\\\/bmj\\\/files\\\/2016\\\/03\\\/charline_bradshaw.png\",\"width\":176,\"height\":237},{\"@type\":\"BreadcrumbList\",\"@id\":\"https:\\\/\\\/blogs.bmj.com\\\/bmj\\\/2016\\\/03\\\/01\\\/charline-bradshaw-the-calais-crisis-and-grassroots-movement\\\/#breadcrumb\",\"itemListElement\":[{\"@type\":\"ListItem\",\"position\":1,\"name\":\"Home\",\"item\":\"https:\\\/\\\/blogs.bmj.com\\\/bmj\\\/\"},{\"@type\":\"ListItem\",\"position\":2,\"name\":\"Charline Bradshaw: The Calais crisis and grassroots movement\"}]},{\"@type\":\"WebSite\",\"@id\":\"https:\\\/\\\/blogs.bmj.com\\\/bmj\\\/#website\",\"url\":\"https:\\\/\\\/blogs.bmj.com\\\/bmj\\\/\",\"name\":\"The BMJ\",\"description\":\"Helping doctors make better decisions.\",\"publisher\":{\"@id\":\"https:\\\/\\\/blogs.bmj.com\\\/bmj\\\/#organization\"},\"potentialAction\":[{\"@type\":\"SearchAction\",\"target\":{\"@type\":\"EntryPoint\",\"urlTemplate\":\"https:\\\/\\\/blogs.bmj.com\\\/bmj\\\/?s={search_term_string}\"},\"query-input\":{\"@type\":\"PropertyValueSpecification\",\"valueRequired\":true,\"valueName\":\"search_term_string\"}}],\"inLanguage\":\"en-US\"},{\"@type\":\"Organization\",\"@id\":\"https:\\\/\\\/blogs.bmj.com\\\/bmj\\\/#organization\",\"name\":\"The BMJ\",\"url\":\"https:\\\/\\\/blogs.bmj.com\\\/bmj\\\/\",\"logo\":{\"@type\":\"ImageObject\",\"inLanguage\":\"en-US\",\"@id\":\"https:\\\/\\\/blogs.bmj.com\\\/bmj\\\/#\\\/schema\\\/logo\\\/image\\\/\",\"url\":\"https:\\\/\\\/blogs.bmj.com\\\/bmj\\\/files\\\/2018\\\/05\\\/The-BMJ-logo.jpg\",\"contentUrl\":\"https:\\\/\\\/blogs.bmj.com\\\/bmj\\\/files\\\/2018\\\/05\\\/The-BMJ-logo.jpg\",\"width\":852,\"height\":568,\"caption\":\"The BMJ\"},\"image\":{\"@id\":\"https:\\\/\\\/blogs.bmj.com\\\/bmj\\\/#\\\/schema\\\/logo\\\/image\\\/\"},\"sameAs\":[\"https:\\\/\\\/www.facebook.com\\\/bmjdotcom\\\/\",\"https:\\\/\\\/x.com\\\/bmj_latest\"]},{\"@type\":\"Person\",\"@id\":\"https:\\\/\\\/blogs.bmj.com\\\/bmj\\\/#\\\/schema\\\/person\\\/ba3da426ed20e8f1d933ca367d8216fe\",\"name\":\"BMJ\",\"image\":{\"@type\":\"ImageObject\",\"inLanguage\":\"en-US\",\"@id\":\"https:\\\/\\\/secure.gravatar.com\\\/avatar\\\/b4d8f39281bcae118348a1c027347b8e53b82d42520e774a8b50dd9a6ac6c01d?s=96&d=mm&r=g\",\"url\":\"https:\\\/\\\/secure.gravatar.com\\\/avatar\\\/b4d8f39281bcae118348a1c027347b8e53b82d42520e774a8b50dd9a6ac6c01d?s=96&d=mm&r=g\",\"contentUrl\":\"https:\\\/\\\/secure.gravatar.com\\\/avatar\\\/b4d8f39281bcae118348a1c027347b8e53b82d42520e774a8b50dd9a6ac6c01d?s=96&d=mm&r=g\",\"caption\":\"BMJ\"},\"sameAs\":[\"https:\\\/\\\/blogs.bmj.com\\\/\"],\"url\":\"https:\\\/\\\/blogs.bmj.com\\\/bmj\\\/author\\\/admin\\\/\"}]}<\/script>\n<!-- \/ Yoast SEO plugin. -->","yoast_head_json":{"title":"Charline Bradshaw: The Calais crisis and grassroots movement - The BMJ","robots":{"index":"index","follow":"follow","max-snippet":"max-snippet:-1","max-image-preview":"max-image-preview:large","max-video-preview":"max-video-preview:-1"},"canonical":"https:\/\/blogs.bmj.com\/bmj\/2016\/03\/01\/charline-bradshaw-the-calais-crisis-and-grassroots-movement\/","og_locale":"en_US","og_type":"article","og_title":"Charline Bradshaw: The Calais crisis and grassroots movement - The BMJ","og_description":"There are an estimated 6000 men, women, and children living in a disused refuge site in Northern France. A recent census revealed that there are around 423 unaccompanied minors among [...]More...","og_url":"https:\/\/blogs.bmj.com\/bmj\/2016\/03\/01\/charline-bradshaw-the-calais-crisis-and-grassroots-movement\/","og_site_name":"The BMJ","article_publisher":"https:\/\/www.facebook.com\/bmjdotcom\/","article_published_time":"2016-03-01T12:40:42+00:00","og_image":[{"url":"https:\/\/blogs.bmj.com\/bmj\/files\/2016\/03\/charline_bradshaw.png","type":"","width":"","height":""}],"author":"BMJ","twitter_card":"summary_large_image","twitter_creator":"@bmj_latest","twitter_site":"@bmj_latest","twitter_misc":{"Written by":"BMJ","Est. reading time":"3 minutes"},"schema":{"@context":"https:\/\/schema.org","@graph":[{"@type":"Article","@id":"https:\/\/blogs.bmj.com\/bmj\/2016\/03\/01\/charline-bradshaw-the-calais-crisis-and-grassroots-movement\/#article","isPartOf":{"@id":"https:\/\/blogs.bmj.com\/bmj\/2016\/03\/01\/charline-bradshaw-the-calais-crisis-and-grassroots-movement\/"},"author":{"name":"BMJ","@id":"https:\/\/blogs.bmj.com\/bmj\/#\/schema\/person\/ba3da426ed20e8f1d933ca367d8216fe"},"headline":"Charline Bradshaw: The Calais crisis and grassroots movement","datePublished":"2016-03-01T12:40:42+00:00","mainEntityOfPage":{"@id":"https:\/\/blogs.bmj.com\/bmj\/2016\/03\/01\/charline-bradshaw-the-calais-crisis-and-grassroots-movement\/"},"wordCount":692,"commentCount":0,"publisher":{"@id":"https:\/\/blogs.bmj.com\/bmj\/#organization"},"image":{"@id":"https:\/\/blogs.bmj.com\/bmj\/2016\/03\/01\/charline-bradshaw-the-calais-crisis-and-grassroots-movement\/#primaryimage"},"thumbnailUrl":"https:\/\/blogs.bmj.com\/bmj\/files\/2016\/03\/charline_bradshaw.png","articleSection":["Global health"],"inLanguage":"en-US","potentialAction":[{"@type":"CommentAction","name":"Comment","target":["https:\/\/blogs.bmj.com\/bmj\/2016\/03\/01\/charline-bradshaw-the-calais-crisis-and-grassroots-movement\/#respond"]}]},{"@type":"WebPage","@id":"https:\/\/blogs.bmj.com\/bmj\/2016\/03\/01\/charline-bradshaw-the-calais-crisis-and-grassroots-movement\/","url":"https:\/\/blogs.bmj.com\/bmj\/2016\/03\/01\/charline-bradshaw-the-calais-crisis-and-grassroots-movement\/","name":"Charline Bradshaw: The Calais crisis and grassroots movement - The BMJ","isPartOf":{"@id":"https:\/\/blogs.bmj.com\/bmj\/#website"},"primaryImageOfPage":{"@id":"https:\/\/blogs.bmj.com\/bmj\/2016\/03\/01\/charline-bradshaw-the-calais-crisis-and-grassroots-movement\/#primaryimage"},"image":{"@id":"https:\/\/blogs.bmj.com\/bmj\/2016\/03\/01\/charline-bradshaw-the-calais-crisis-and-grassroots-movement\/#primaryimage"},"thumbnailUrl":"https:\/\/blogs.bmj.com\/bmj\/files\/2016\/03\/charline_bradshaw.png","datePublished":"2016-03-01T12:40:42+00:00","breadcrumb":{"@id":"https:\/\/blogs.bmj.com\/bmj\/2016\/03\/01\/charline-bradshaw-the-calais-crisis-and-grassroots-movement\/#breadcrumb"},"inLanguage":"en-US","potentialAction":[{"@type":"ReadAction","target":["https:\/\/blogs.bmj.com\/bmj\/2016\/03\/01\/charline-bradshaw-the-calais-crisis-and-grassroots-movement\/"]}]},{"@type":"ImageObject","inLanguage":"en-US","@id":"https:\/\/blogs.bmj.com\/bmj\/2016\/03\/01\/charline-bradshaw-the-calais-crisis-and-grassroots-movement\/#primaryimage","url":"https:\/\/blogs.bmj.com\/bmj\/files\/2016\/03\/charline_bradshaw.png","contentUrl":"https:\/\/blogs.bmj.com\/bmj\/files\/2016\/03\/charline_bradshaw.png","width":176,"height":237},{"@type":"BreadcrumbList","@id":"https:\/\/blogs.bmj.com\/bmj\/2016\/03\/01\/charline-bradshaw-the-calais-crisis-and-grassroots-movement\/#breadcrumb","itemListElement":[{"@type":"ListItem","position":1,"name":"Home","item":"https:\/\/blogs.bmj.com\/bmj\/"},{"@type":"ListItem","position":2,"name":"Charline Bradshaw: The Calais crisis and grassroots movement"}]},{"@type":"WebSite","@id":"https:\/\/blogs.bmj.com\/bmj\/#website","url":"https:\/\/blogs.bmj.com\/bmj\/","name":"The BMJ","description":"Helping doctors make better decisions.","publisher":{"@id":"https:\/\/blogs.bmj.com\/bmj\/#organization"},"potentialAction":[{"@type":"SearchAction","target":{"@type":"EntryPoint","urlTemplate":"https:\/\/blogs.bmj.com\/bmj\/?s={search_term_string}"},"query-input":{"@type":"PropertyValueSpecification","valueRequired":true,"valueName":"search_term_string"}}],"inLanguage":"en-US"},{"@type":"Organization","@id":"https:\/\/blogs.bmj.com\/bmj\/#organization","name":"The BMJ","url":"https:\/\/blogs.bmj.com\/bmj\/","logo":{"@type":"ImageObject","inLanguage":"en-US","@id":"https:\/\/blogs.bmj.com\/bmj\/#\/schema\/logo\/image\/","url":"https:\/\/blogs.bmj.com\/bmj\/files\/2018\/05\/The-BMJ-logo.jpg","contentUrl":"https:\/\/blogs.bmj.com\/bmj\/files\/2018\/05\/The-BMJ-logo.jpg","width":852,"height":568,"caption":"The BMJ"},"image":{"@id":"https:\/\/blogs.bmj.com\/bmj\/#\/schema\/logo\/image\/"},"sameAs":["https:\/\/www.facebook.com\/bmjdotcom\/","https:\/\/x.com\/bmj_latest"]},{"@type":"Person","@id":"https:\/\/blogs.bmj.com\/bmj\/#\/schema\/person\/ba3da426ed20e8f1d933ca367d8216fe","name":"BMJ","image":{"@type":"ImageObject","inLanguage":"en-US","@id":"https:\/\/secure.gravatar.com\/avatar\/b4d8f39281bcae118348a1c027347b8e53b82d42520e774a8b50dd9a6ac6c01d?s=96&d=mm&r=g","url":"https:\/\/secure.gravatar.com\/avatar\/b4d8f39281bcae118348a1c027347b8e53b82d42520e774a8b50dd9a6ac6c01d?s=96&d=mm&r=g","contentUrl":"https:\/\/secure.gravatar.com\/avatar\/b4d8f39281bcae118348a1c027347b8e53b82d42520e774a8b50dd9a6ac6c01d?s=96&d=mm&r=g","caption":"BMJ"},"sameAs":["https:\/\/blogs.bmj.com\/"],"url":"https:\/\/blogs.bmj.com\/bmj\/author\/admin\/"}]}},"_links":{"self":[{"href":"https:\/\/blogs.bmj.com\/bmj\/wp-json\/wp\/v2\/posts\/36260","targetHints":{"allow":["GET"]}}],"collection":[{"href":"https:\/\/blogs.bmj.com\/bmj\/wp-json\/wp\/v2\/posts"}],"about":[{"href":"https:\/\/blogs.bmj.com\/bmj\/wp-json\/wp\/v2\/types\/post"}],"author":[{"embeddable":true,"href":"https:\/\/blogs.bmj.com\/bmj\/wp-json\/wp\/v2\/users\/1"}],"replies":[{"embeddable":true,"href":"https:\/\/blogs.bmj.com\/bmj\/wp-json\/wp\/v2\/comments?post=36260"}],"version-history":[{"count":0,"href":"https:\/\/blogs.bmj.com\/bmj\/wp-json\/wp\/v2\/posts\/36260\/revisions"}],"wp:attachment":[{"href":"https:\/\/blogs.bmj.com\/bmj\/wp-json\/wp\/v2\/media?parent=36260"}],"wp:term":[{"taxonomy":"category","embeddable":true,"href":"https:\/\/blogs.bmj.com\/bmj\/wp-json\/wp\/v2\/categories?post=36260"},{"taxonomy":"post_tag","embeddable":true,"href":"https:\/\/blogs.bmj.com\/bmj\/wp-json\/wp\/v2\/tags?post=36260"}],"curies":[{"name":"wp","href":"https:\/\/api.w.org\/{rel}","templated":true}]}}